{"id":5056,"date":"2021-06-08T12:39:04","date_gmt":"2021-06-08T10:39:04","guid":{"rendered":"http:\/\/adacampania.it\/sito\/2021\/06\/08\/viva-la-cultura-vivila-con-ada-da-oggi-puoi-donare-anche-il-2xmille-alla-nostra-associazione\/"},"modified":"2021-06-08T12:39:04","modified_gmt":"2021-06-08T10:39:04","slug":"viva-la-cultura-vivila-con-ada-da-oggi-puoi-donare-anche-il-2xmille-alla-nostra-associazione","status":"publish","type":"post","link":"https:\/\/www.adacampania.it\/sito\/viva-la-cultura-vivila-con-ada-da-oggi-puoi-donare-anche-il-2xmille-alla-nostra-associazione\/","title":{"rendered":"Viva la Cultura: Vivila con ADA! Da oggi puoi donare anche il 2xmille alla nostra Associazione."},"content":{"rendered":"<p><img fetchpriority=\"high\" decoding=\"async\" class=\" size-full wp-image-5054\" src=\"http:\/\/adacampania.it\/sito\/wp-content\/uploads\/2021\/06\/vivilacultura1.png\" alt=\"vivilacultura1\" width=\"940\" height=\"788\" srcset=\"https:\/\/www.adacampania.it\/sito\/wp-content\/uploads\/2021\/06\/vivilacultura1.png 940w, https:\/\/www.adacampania.it\/sito\/wp-content\/uploads\/2021\/06\/vivilacultura1-300x251.png 300w, https:\/\/www.adacampania.it\/sito\/wp-content\/uploads\/2021\/06\/vivilacultura1-768x644.png 768w, https:\/\/www.adacampania.it\/sito\/wp-content\/uploads\/2021\/06\/vivilacultura1-150x126.png 150w, https:\/\/www.adacampania.it\/sito\/wp-content\/uploads\/2021\/06\/vivilacultura1-450x377.png 450w\" sizes=\"(max-width: 940px) 100vw, 940px\" \/><\/p>\n<p>\u201cUn grande riconoscimento alla nostra Associazione che ha sempre messo al centro la cultura come strumento utile a favorire l\u2019invecchiamento attivo, l\u2019inclusione sociale e lo scambio intergenerazionale\u201d. Con queste parole la Presidente dell\u2019ADA Napoli, Mara d\u2019Onofrio, ha accolto la notizia dell\u2019entrata della Federazione Nazionale ADA, di cui ADA Napoli fa parte, negli elenchi delle Associazioni Culturali del Ministero per i Beni Culturali. L\u2019ADA Napoli ha messo in piedi negli ultimi anni diversi progetti di matrice culturale che hanno riguardato l\u2019arte, l\u2019archeologia, la letteratura, la musica, la fotografia. Progetti che hanno messo insieme anziani e bambini, che hanno permesso di riscoprire tradizioni e territori, che hanno creato momenti di aggregazione e confronto. Tra questi, solo per citarne uno, \u201cAnziani guide della Storia\u201d progetto di formazione per guide turistiche over 60 giunto quest\u2019anno alla sua terza edizione e selezionato come best practice nelle attivit\u00e0 a sostegno dell&#8217;invecchiamento creativo dall\u2019Ambasciata e dal Consolato Generale del Regno dei Paesi Bassi nell\u2019ambito dell\u2019iniziativa Creative Ageing.<\/p>\n<p><img decoding=\"async\" class=\" size-full wp-image-5055\" src=\"http:\/\/adacampania.it\/sito\/wp-content\/uploads\/2021\/06\/vivilacultura2.png\" alt=\"vivilacultura2\" width=\"940\" height=\"788\" srcset=\"https:\/\/www.adacampania.it\/sito\/wp-content\/uploads\/2021\/06\/vivilacultura2.png 940w, https:\/\/www.adacampania.it\/sito\/wp-content\/uploads\/2021\/06\/vivilacultura2-300x251.png 300w, https:\/\/www.adacampania.it\/sito\/wp-content\/uploads\/2021\/06\/vivilacultura2-768x644.png 768w, https:\/\/www.adacampania.it\/sito\/wp-content\/uploads\/2021\/06\/vivilacultura2-150x126.png 150w, https:\/\/www.adacampania.it\/sito\/wp-content\/uploads\/2021\/06\/vivilacultura2-450x377.png 450w\" sizes=\"(max-width: 940px) 100vw, 940px\" \/><\/p>\n<p>\u201cRientrare tra le Associazioni Culturali \u2013 prosegue la Presidente \u2013 ci permette di essere destinatari del 2xmille un contributo che d\u00e0 sostegno ai valori e agli obiettivi della nostra Associazione e che ci consentir\u00e0 di realizzare ancora pi\u00f9 progetti e di coinvolgere sempre pi\u00f9 persone\u201d.<\/p>\n<p>L\u2019invito \u00e8 dunque rivolto a tutti i nostri soci, amici e simpatizzanti: donate anche il vostro 2xmille all\u2019ADA. <strong>Viva la Cultura: vivila con ADA!<\/strong> &nbsp;<\/p>\n","protected":false},"excerpt":{"rendered":"<p>\u201cUn grande riconoscimento alla nostra Associazione che ha sempre messo al centro la cultura come strumento utile a favorire l\u2019invecchiamento attivo, l\u2019inclusione sociale e lo scambio intergenerazionale\u201d. Con queste parole la Presidente dell\u2019ADA Napoli, Mara d\u2019Onofrio, ha accolto la notizia dell\u2019entrata della Federazione Nazionale ADA, di cui ADA Napoli fa parte, negli elenchi delle Associazioni<\/p>\n","protected":false},"author":1,"featured_media":5054,"comment_status":"open","ping_status":"open","sticky":false,"template":"","format":"standard","meta":{"rank_math_lock_modified_date":false,"inline_featured_image":false,"footnotes":""},"categories":[28],"tags":[],"class_list":{"0":"post-5056","1":"post","2":"type-post","3":"status-publish","4":"format-standard","5":"has-post-thumbnail","7":"category-news"},"_links":{"self":[{"href":"https:\/\/www.adacampania.it\/sito\/wp-json\/wp\/v2\/posts\/5056"}],"collection":[{"href":"https:\/\/www.adacampania.it\/sito\/wp-json\/wp\/v2\/posts"}],"about":[{"href":"https:\/\/www.adacampania.it\/sito\/wp-json\/wp\/v2\/types\/post"}],"author":[{"embeddable":true,"href":"https:\/\/www.adacampania.it\/sito\/wp-json\/wp\/v2\/users\/1"}],"replies":[{"embeddable":true,"href":"https:\/\/www.adacampania.it\/sito\/wp-json\/wp\/v2\/comments?post=5056"}],"version-history":[{"count":0,"href":"https:\/\/www.adacampania.it\/sito\/wp-json\/wp\/v2\/posts\/5056\/revisions"}],"wp:featuredmedia":[{"embeddable":true,"href":"https:\/\/www.adacampania.it\/sito\/wp-json\/wp\/v2\/media\/5054"}],"wp:attachment":[{"href":"https:\/\/www.adacampania.it\/sito\/wp-json\/wp\/v2\/media?parent=5056"}],"wp:term":[{"taxonomy":"category","embeddable":true,"href":"https:\/\/www.adacampania.it\/sito\/wp-json\/wp\/v2\/categories?post=5056"},{"taxonomy":"post_tag","embeddable":true,"href":"https:\/\/www.adacampania.it\/sito\/wp-json\/wp\/v2\/tags?post=5056"}],"curies":[{"name":"wp","href":"https:\/\/api.w.org\/{rel}","templated":true}]}}