{"id":4941,"date":"2019-07-22T11:39:06","date_gmt":"2019-07-22T09:39:06","guid":{"rendered":"http:\/\/adacampania.it\/sito\/2019\/07\/22\/passeggiata-al-tramonto-alla-scoperta-dei-bagni-della-regina-giovanna-di-sorrento\/"},"modified":"2019-07-22T11:39:06","modified_gmt":"2019-07-22T09:39:06","slug":"passeggiata-al-tramonto-alla-scoperta-dei-bagni-della-regina-giovanna-di-sorrento","status":"publish","type":"post","link":"https:\/\/www.adacampania.it\/sito\/passeggiata-al-tramonto-alla-scoperta-dei-bagni-della-regina-giovanna-di-sorrento\/","title":{"rendered":"Passeggiata al tramonto alla scoperta dei Bagni della Regina Giovanna di Sorrento"},"content":{"rendered":"<p>Si \u00e8 tenuta sabato 20 luglio la \u201cPasseggiata al Tramonto. Tra archeologia, natura e suoni divini\u201d, itinerario culturale e non in un percorso tutto da vivere, tra i sentieri magici e le bellezze senza tempo della Costiera Sorrentina . L&#8217;evento organizzato dall\u2019associazione per i diritti degli anziani ADA di Napoli, in collaborazione con l\u2019azienda agricola Le Terre Alte di Sorrento, ha coinvolto pi\u00f9 di 100 persone che guidate dall&#8217;accompagnatore escursionistico Vincenzo Astarita hanno potuto scorpire l&#8217;oasi naturalistica e archeologica nota col nome di Bagni della Regina Giovanna.<\/p>\n<p><img fetchpriority=\"high\" decoding=\"async\" class=\" size-full wp-image-4939\" src=\"http:\/\/adacampania.it\/sito\/wp-content\/uploads\/2019\/07\/67287701_10216361955736276_4062615552470810624_n.jpg\" alt=\"67287701 10216361955736276 4062615552470810624 n\" width=\"725\" height=\"544\" srcset=\"https:\/\/www.adacampania.it\/sito\/wp-content\/uploads\/2019\/07\/67287701_10216361955736276_4062615552470810624_n.jpg 960w, https:\/\/www.adacampania.it\/sito\/wp-content\/uploads\/2019\/07\/67287701_10216361955736276_4062615552470810624_n-300x225.jpg 300w, https:\/\/www.adacampania.it\/sito\/wp-content\/uploads\/2019\/07\/67287701_10216361955736276_4062615552470810624_n-768x576.jpg 768w, https:\/\/www.adacampania.it\/sito\/wp-content\/uploads\/2019\/07\/67287701_10216361955736276_4062615552470810624_n-150x113.jpg 150w, https:\/\/www.adacampania.it\/sito\/wp-content\/uploads\/2019\/07\/67287701_10216361955736276_4062615552470810624_n-450x338.jpg 450w\" sizes=\"(max-width: 725px) 100vw, 725px\" \/><\/p>\n<p>\u00abLe bellezze della Costiera sono note in tutto il mondo \u2013 ha spiegato Luigi Di Prisco, promotore dell\u2019iniziativa \u2013 ma non dobbiamo mai stancarci di promuoverne la fruizione e la conoscenza, da parte sia dei turisti sia dei cittadini, per diffondere una vera e propria cultura del territorio\u00bb. \u00abPercorrere questi sentieri significa non solo toccare con mano il mito e la storia, ma parlare a tu per tu con la bellezza, entrare con essa in un dialogo profondo, in un rapporto intimo. Non \u00e8 un caso se da sempre l\u2019umanit\u00e0 ha eletto questi luoghi come culla della bellezza: patrizi romani, re, regine e cineasti di tutto il mondo hanno scelto questi lidi come dimora stabile dei propri sogni\u00bb: cos\u00ec Biagio Ciccone, coordinatore nazionale di ADA per la regione Campania, ha commentato l\u2019iniziativa. \u00abLa partecipazione degli anziani a questa e ad analoghe attivit\u00e0 culturali \u2013 ha concluso Ciccone \u2013 \u00e8 particolarmente significativa, perch\u00e9 essi rappresentano la memoria storica viva e pulsante dei territori e nessuno meglio di loro pu\u00f2 essere portavoce e testimone delle ricchezze di un luogo\u00bb.<\/p>\n<p><img decoding=\"async\" class=\" size-full wp-image-4940\" src=\"http:\/\/adacampania.it\/sito\/wp-content\/uploads\/2019\/07\/67489410_10216361948416093_4054228834256420864_n.jpg\" alt=\"67489410 10216361948416093 4054228834256420864 n\" width=\"707\" height=\"684\" srcset=\"https:\/\/www.adacampania.it\/sito\/wp-content\/uploads\/2019\/07\/67489410_10216361948416093_4054228834256420864_n.jpg 960w, https:\/\/www.adacampania.it\/sito\/wp-content\/uploads\/2019\/07\/67489410_10216361948416093_4054228834256420864_n-300x290.jpg 300w, https:\/\/www.adacampania.it\/sito\/wp-content\/uploads\/2019\/07\/67489410_10216361948416093_4054228834256420864_n-768x743.jpg 768w, https:\/\/www.adacampania.it\/sito\/wp-content\/uploads\/2019\/07\/67489410_10216361948416093_4054228834256420864_n-150x145.jpg 150w, https:\/\/www.adacampania.it\/sito\/wp-content\/uploads\/2019\/07\/67489410_10216361948416093_4054228834256420864_n-450x435.jpg 450w\" sizes=\"(max-width: 707px) 100vw, 707px\" \/><\/p>\n<p>Rassegna Stampa<\/p>\n<p><a href=\"https:\/\/www.puntostabianews.it\/attualita\/item\/69357-sorrento-la-passeggiata-al-tramonto-tra-archeologia-natura-suoni-e-sapori.html\" target=\"_blank\" rel=\"noopener\">https:\/\/www.puntostabianews.it\/attualita\/item\/69357-sorrento-la-passeggiata-al-tramonto-tra-archeologia-natura-suoni-e-sapori.html<\/a><\/p>\n<p><a href=\"http:\/\/www.laprovinciaonline.info\/passeggiata-al-tramonto-tra-archeologia-e-sapori-a-sorrento\/\" target=\"_blank\" rel=\"noopener\">http:\/\/www.laprovinciaonline.info\/passeggiata-al-tramonto-tra-archeologia-e-sapori-a-sorrento\/<\/a><\/p>\n<p><a href=\"https:\/\/www.torresette.news\/comuni-vesuviani-area-stabiese\/2019\/07\/18\/sorrento-ada-presenta-la-passeggiata-al-tramonto-itinerario-culturale-e-non-solo\" target=\"_blank\" rel=\"noopener\">https:\/\/www.torresette.news\/comuni-vesuviani-area-stabiese\/2019\/07\/18\/sorrento-ada-presenta-la-passeggiata-al-tramonto-itinerario-culturale-e-non-solo<\/a><\/p>\n<p><a href=\"https:\/\/www.ecampania.it\/napoli\/eventi\/passeggiata-al-tramonto-sorrento\" target=\"_blank\" rel=\"noopener\">https:\/\/www.ecampania.it\/napoli\/eventi\/passeggiata-al-tramonto-sorrento<\/a><\/p>\n<p><a href=\"https:\/\/www.associazionesoldo.eu\/2019\/07\/18\/passeggiata-al-tramonto-tra-archeologia-e-sapori-a-sorrento\/\" target=\"_blank\" rel=\"noopener\">https:\/\/www.associazionesoldo.eu\/2019\/07\/18\/passeggiata-al-tramonto-tra-archeologia-e-sapori-a-sorrento\/<\/a><\/p>\n<p><a href=\"https:\/\/www.positanonews.it\/2019\/07\/luigi-prisco-sulla-passeggiata-al-tramonto-bagni-della-regina-giovanna-luogo-magico\/3319606\/?fbclid=IwAR2qJWATjkEq9fJstNhpzfdNRoBZ5bEkFsIGacGRBx6FEkCBIItIJkosEJk\" target=\"_blank\" rel=\"noopener\">https:\/\/www.positanonews.it\/2019\/07\/luigi-prisco-sulla-passeggiata-al-tramonto-bagni-della-regina-giovanna-luogo-magico\/3319606\/?fbclid=IwAR2qJWATjkEq9fJstNhpzfdNRoBZ5bEkFsIGacGRBx6FEkCBIItIJkosEJk<\/a><\/p>\n<p><a href=\"http:\/\/www.sorrentopress.it\/grande-partecipazione-alla-passeggiata-alla-regina-giovanna-foto\/?fbclid=IwAR1Yua88piSpwx87fEAAupSW3q9t2KUwZFhLe5wVldwi5SxaUOpMIadvMZw\" target=\"_blank\" rel=\"noopener\">http:\/\/www.sorrentopress.it\/grande-partecipazione-alla-passeggiata-alla-regina-giovanna-foto\/?fbclid=IwAR1Yua88piSpwx87fEAAupSW3q9t2KUwZFhLe5wVldwi5SxaUOpMIadvMZw<\/a><\/p>\n<p>&nbsp;<\/p>\n","protected":false},"excerpt":{"rendered":"<p>Si \u00e8 tenuta sabato 20 luglio la \u201cPasseggiata al Tramonto. Tra archeologia, natura e suoni divini\u201d, itinerario culturale e non in un percorso tutto da vivere, tra i sentieri magici e le bellezze senza tempo della Costiera Sorrentina . L&#8217;evento organizzato dall\u2019associazione per i diritti degli anziani ADA di Napoli, in collaborazione con l\u2019azienda agricola<\/p>\n","protected":false},"author":1,"featured_media":4939,"comment_status":"open","ping_status":"open","sticky":false,"template":"","format":"standard","meta":{"rank_math_lock_modified_date":false,"inline_featured_image":false,"footnotes":""},"categories":[28],"tags":[],"class_list":{"0":"post-4941","1":"post","2":"type-post","3":"status-publish","4":"format-standard","5":"has-post-thumbnail","7":"category-news"},"_links":{"self":[{"href":"https:\/\/www.adacampania.it\/sito\/wp-json\/wp\/v2\/posts\/4941"}],"collection":[{"href":"https:\/\/www.adacampania.it\/sito\/wp-json\/wp\/v2\/posts"}],"about":[{"href":"https:\/\/www.adacampania.it\/sito\/wp-json\/wp\/v2\/types\/post"}],"author":[{"embeddable":true,"href":"https:\/\/www.adacampania.it\/sito\/wp-json\/wp\/v2\/users\/1"}],"replies":[{"embeddable":true,"href":"https:\/\/www.adacampania.it\/sito\/wp-json\/wp\/v2\/comments?post=4941"}],"version-history":[{"count":0,"href":"https:\/\/www.adacampania.it\/sito\/wp-json\/wp\/v2\/posts\/4941\/revisions"}],"wp:featuredmedia":[{"embeddable":true,"href":"https:\/\/www.adacampania.it\/sito\/wp-json\/wp\/v2\/media\/4939"}],"wp:attachment":[{"href":"https:\/\/www.adacampania.it\/sito\/wp-json\/wp\/v2\/media?parent=4941"}],"wp:term":[{"taxonomy":"category","embeddable":true,"href":"https:\/\/www.adacampania.it\/sito\/wp-json\/wp\/v2\/categories?post=4941"},{"taxonomy":"post_tag","embeddable":true,"href":"https:\/\/www.adacampania.it\/sito\/wp-json\/wp\/v2\/tags?post=4941"}],"curies":[{"name":"wp","href":"https:\/\/api.w.org\/{rel}","templated":true}]}}