{"id":4915,"date":"2019-05-25T09:51:08","date_gmt":"2019-05-25T07:51:08","guid":{"rendered":"http:\/\/adacampania.it\/sito\/2019\/05\/25\/ada-napoli-un-dono-per-i-bambini-del-centro-laila\/"},"modified":"2019-05-25T09:51:08","modified_gmt":"2019-05-25T07:51:08","slug":"ada-napoli-un-dono-per-i-bambini-del-centro-laila","status":"publish","type":"post","link":"https:\/\/www.adacampania.it\/sito\/ada-napoli-un-dono-per-i-bambini-del-centro-laila\/","title":{"rendered":"ADA Napoli: un dono per i bambini del Centro LAILA"},"content":{"rendered":"<p><img fetchpriority=\"high\" decoding=\"async\" class=\" size-full wp-image-4912\" src=\"http:\/\/adacampania.it\/sito\/wp-content\/uploads\/2019\/05\/GAB2852-scaled.jpg\" alt=\" GAB2852\" width=\"649\" height=\"432\" srcset=\"https:\/\/www.adacampania.it\/sito\/wp-content\/uploads\/2019\/05\/GAB2852-scaled.jpg 2560w, https:\/\/www.adacampania.it\/sito\/wp-content\/uploads\/2019\/05\/GAB2852-300x200.jpg 300w, https:\/\/www.adacampania.it\/sito\/wp-content\/uploads\/2019\/05\/GAB2852-1024x681.jpg 1024w, https:\/\/www.adacampania.it\/sito\/wp-content\/uploads\/2019\/05\/GAB2852-768x511.jpg 768w, https:\/\/www.adacampania.it\/sito\/wp-content\/uploads\/2019\/05\/GAB2852-1536x1022.jpg 1536w, https:\/\/www.adacampania.it\/sito\/wp-content\/uploads\/2019\/05\/GAB2852-2048x1363.jpg 2048w, https:\/\/www.adacampania.it\/sito\/wp-content\/uploads\/2019\/05\/GAB2852-150x100.jpg 150w, https:\/\/www.adacampania.it\/sito\/wp-content\/uploads\/2019\/05\/GAB2852-450x299.jpg 450w, https:\/\/www.adacampania.it\/sito\/wp-content\/uploads\/2019\/05\/GAB2852-1200x799.jpg 1200w\" sizes=\"(max-width: 649px) 100vw, 649px\" \/><\/p>\n<p>Si \u00e8 tenuta venerd\u00ec 24 maggio alle ore 15:00, presso il Centro Laila di Castel Volturno (CE), la cerimonia di inaugurazione della nuova cucina donata al Centro Laila dall\u2019Associazione ADA Napoli e Campania: un momento di grande gioia e condivisione che ha lasciato un segno indelebile nella vita del Centro \u201cun esempio di come si abbattono le frontiere, di come si fa comunit\u00e0\u201d dichiara Biagio Ciccone, Presidente dell\u2019ADA Napoli e Campania. Un regalo gradito e funzionale per agevolare il lavoro quotidiano dei volontari del Centro che, ogni giorno, accolgono oltre 40 bambini e ragazzi di famiglie disagiate nelle ore diurne, provvedendo alla loro cura, all\u2019istruzione e fornendo loro un ambiente sereno dove crescere.<\/p>\n<p><img decoding=\"async\" class=\" size-full wp-image-4913\" src=\"http:\/\/adacampania.it\/sito\/wp-content\/uploads\/2019\/05\/GAB2708-scaled.jpg\" alt=\" GAB2708\" width=\"658\" height=\"402\" srcset=\"https:\/\/www.adacampania.it\/sito\/wp-content\/uploads\/2019\/05\/GAB2708-scaled.jpg 2560w, https:\/\/www.adacampania.it\/sito\/wp-content\/uploads\/2019\/05\/GAB2708-300x183.jpg 300w, https:\/\/www.adacampania.it\/sito\/wp-content\/uploads\/2019\/05\/GAB2708-1024x625.jpg 1024w, https:\/\/www.adacampania.it\/sito\/wp-content\/uploads\/2019\/05\/GAB2708-768x469.jpg 768w, https:\/\/www.adacampania.it\/sito\/wp-content\/uploads\/2019\/05\/GAB2708-1536x938.jpg 1536w, https:\/\/www.adacampania.it\/sito\/wp-content\/uploads\/2019\/05\/GAB2708-2048x1251.jpg 2048w, https:\/\/www.adacampania.it\/sito\/wp-content\/uploads\/2019\/05\/GAB2708-150x92.jpg 150w, https:\/\/www.adacampania.it\/sito\/wp-content\/uploads\/2019\/05\/GAB2708-450x275.jpg 450w, https:\/\/www.adacampania.it\/sito\/wp-content\/uploads\/2019\/05\/GAB2708-1200x733.jpg 1200w\" sizes=\"(max-width: 658px) 100vw, 658px\" \/><\/p>\n<p>\u201cIl Centro \u00e8 nato pi\u00f9 di 35 anni fa per un gesto di solidariet\u00e0 umana dei miei genitori nei confronti di un bambino che aveva estremo bisogno di aiuto\u201d con queste parole Gisele Luciano, figlia di Marcele Najarro, Presidente del Centro Laila, racconta della nascita del Centro che, da quel momento, ha iniziato ad accogliere tutti i bambini in cerca di aiuto in un progetto di solidariet\u00e0 che, nonostante mille difficolt\u00e0, rappresenta un esempio di amore incondizionato per i pi\u00f9 piccoli e bisognosi, ma soprattutto rappresenta per tutti anche un esempio concreto di impegno sociale. \u201cQuesto dono \u2013 prosegue Gisele \u2013 ci permetter\u00e0 di offrire un servizio migliore ai nostri bambini\u201d. &nbsp;L\u2019ADA Napoli, Associazione per i Diritti degli Anziani, con i suoi soci e volontari, ha voluto con questo gesto dare un segnale forte \u201ccon la speranza che si apra la mente e il cuore di tanti \u2013 continua Ciccone \u2013 e si capisca che siamo tutti uguali. I diritti all\u2019infanzia, come quelli degli anziani, non conoscono colori e non conoscono confini. I bambini e gli anziani rappresentano le due fasi estreme della vita e si completano. \u00c8 un bene che i nostri anziani abbiano pensato a questi \u201cnipoti ideali\u201d e noi, con questo piccolo gesto, abbiamo voluto dare un segnale a tutti gli altri\u201d.<\/p>\n<p><img decoding=\"async\" class=\" size-full wp-image-4914\" src=\"http:\/\/adacampania.it\/sito\/wp-content\/uploads\/2019\/05\/GAB2734-scaled.jpg\" alt=\" GAB2734\" width=\"628\" height=\"418\" srcset=\"https:\/\/www.adacampania.it\/sito\/wp-content\/uploads\/2019\/05\/GAB2734-scaled.jpg 2560w, https:\/\/www.adacampania.it\/sito\/wp-content\/uploads\/2019\/05\/GAB2734-300x200.jpg 300w, https:\/\/www.adacampania.it\/sito\/wp-content\/uploads\/2019\/05\/GAB2734-1024x682.jpg 1024w, https:\/\/www.adacampania.it\/sito\/wp-content\/uploads\/2019\/05\/GAB2734-768x511.jpg 768w, https:\/\/www.adacampania.it\/sito\/wp-content\/uploads\/2019\/05\/GAB2734-1536x1022.jpg 1536w, https:\/\/www.adacampania.it\/sito\/wp-content\/uploads\/2019\/05\/GAB2734-2048x1363.jpg 2048w, https:\/\/www.adacampania.it\/sito\/wp-content\/uploads\/2019\/05\/GAB2734-150x100.jpg 150w, https:\/\/www.adacampania.it\/sito\/wp-content\/uploads\/2019\/05\/GAB2734-450x300.jpg 450w, https:\/\/www.adacampania.it\/sito\/wp-content\/uploads\/2019\/05\/GAB2734-1200x799.jpg 1200w\" sizes=\"(max-width: 628px) 100vw, 628px\" \/><\/p>\n<p>Alla cerimonia \u00e8 intervenuto anche il Presidente dell\u2019ADA Nazionale Alberto Oranges \u201cUn&#8217;esperienza straordinaria &#8211; dichiara Oranges &#8211; emblematica dell&#8217;impegno dell&#8217;ADA Napoli e Campania e che riflette i valori di tutte le ADA che ogni giorno, nei territori, danno il meglio per supportare i soggetti pi\u00f9 deboli&#8221;.&nbsp;\u00c8 stato un pomeriggio di grandi emozioni, inondato dalla gioia e dai sorrisi dei bambini e di tutti coloro che hanno partecipato all\u2019evento.<\/p>\n<p>{youtube}WfbnGW1vtw0{\/youtube}<\/p>\n","protected":false},"excerpt":{"rendered":"<p>Si \u00e8 tenuta venerd\u00ec 24 maggio alle ore 15:00, presso il Centro Laila di Castel Volturno (CE), la cerimonia di inaugurazione della nuova cucina donata al Centro Laila dall\u2019Associazione ADA Napoli e Campania: un momento di grande gioia e condivisione che ha lasciato un segno indelebile nella vita del Centro \u201cun esempio di come si<\/p>\n","protected":false},"author":1,"featured_media":4912,"comment_status":"open","ping_status":"open","sticky":false,"template":"","format":"standard","meta":{"rank_math_lock_modified_date":false,"inline_featured_image":false,"footnotes":""},"categories":[28],"tags":[],"class_list":{"0":"post-4915","1":"post","2":"type-post","3":"status-publish","4":"format-standard","5":"has-post-thumbnail","7":"category-news"},"_links":{"self":[{"href":"https:\/\/www.adacampania.it\/sito\/wp-json\/wp\/v2\/posts\/4915"}],"collection":[{"href":"https:\/\/www.adacampania.it\/sito\/wp-json\/wp\/v2\/posts"}],"about":[{"href":"https:\/\/www.adacampania.it\/sito\/wp-json\/wp\/v2\/types\/post"}],"author":[{"embeddable":true,"href":"https:\/\/www.adacampania.it\/sito\/wp-json\/wp\/v2\/users\/1"}],"replies":[{"embeddable":true,"href":"https:\/\/www.adacampania.it\/sito\/wp-json\/wp\/v2\/comments?post=4915"}],"version-history":[{"count":0,"href":"https:\/\/www.adacampania.it\/sito\/wp-json\/wp\/v2\/posts\/4915\/revisions"}],"wp:featuredmedia":[{"embeddable":true,"href":"https:\/\/www.adacampania.it\/sito\/wp-json\/wp\/v2\/media\/4912"}],"wp:attachment":[{"href":"https:\/\/www.adacampania.it\/sito\/wp-json\/wp\/v2\/media?parent=4915"}],"wp:term":[{"taxonomy":"category","embeddable":true,"href":"https:\/\/www.adacampania.it\/sito\/wp-json\/wp\/v2\/categories?post=4915"},{"taxonomy":"post_tag","embeddable":true,"href":"https:\/\/www.adacampania.it\/sito\/wp-json\/wp\/v2\/tags?post=4915"}],"curies":[{"name":"wp","href":"https:\/\/api.w.org\/{rel}","templated":true}]}}